{"id":6124,"date":"2024-05-20T22:49:48","date_gmt":"2024-05-21T02:49:48","guid":{"rendered":"https:\/\/guaytacama.gob.ec\/cotopaxi\/?p=6124"},"modified":"2024-06-25T22:51:53","modified_gmt":"2024-06-26T02:51:53","slug":"celebra-con-orgullo-los-163-anos-de-guaytacama","status":"publish","type":"post","link":"https:\/\/guaytacama.gob.ec\/cotopaxi\/?p=6124","title":{"rendered":"\u00a1Celebra con orgullo los 163 a\u00f1os de Guaytacama!"},"content":{"rendered":"<div class=\"x11i5rnm xat24cr x1mh8g0r x1vvkbs xtlvy1s x126k92a\">\n<div dir=\"auto\" style=\"text-align: center;\">Unidos por la historia y la tradici\u00f3n, el <span class=\"html-span xdj266r x11i5rnm xat24cr x1mh8g0r xexx8yu x4uap5 x18d9i69 xkhd6sd x1hl2dhg x16tdsg8 x1vvkbs\"><a class=\"x1i10hfl xjbqb8w x1ejq31n xd10rxx x1sy0etr x17r0tee x972fbf xcfux6l x1qhh985 xm0m39n x9f619 x1ypdohk xt0psk2 xe8uvvx xdj266r x11i5rnm xat24cr x1mh8g0r xexx8yu x4uap5 x18d9i69 xkhd6sd x16tdsg8 x1hl2dhg xggy1nq x1a2a7pz x1sur9pj xkrqix3 x1fey0fg xo1l8bm\" tabindex=\"0\" role=\"link\" href=\"https:\/\/www.facebook.com\/GADParroquialdeGuaytacama2019.2023?__cft__[0]=AZU7R32nXyRsJGLOW0vHzwe74oRKHfqVhtDT4iu4obHV1PyCMvFivv3wyTEuvf8C8Zgt494cA7HP6CVX88StbnGcmnVvgyoaAEVS8tnb44ScR8SP1FW_UDYdjLnO_x94_GtBwNlSR4s53QxXbFW5GCpYSgh_BQPq3A5MZDFMOd9twJ6wU4sCeaSrfocFg51GUvg&amp;__tn__=-]K-R\"><span class=\"xt0psk2\">GAD Parroquial de Guaytacama<\/span><\/a><\/span> encabezado por el presidente Abg. Faustino Travez Vargas , hace la cordial invitaci\u00f3n a la Rendici\u00f3n de Cuentas a\u00f1o Fiscal 2023 y Sesi\u00f3n Solemne Conmemorativa por los 163 a\u00f1os de parroquializaci\u00f3n de nuestra querida Guaytacama.<\/div>\n<\/div>\n<div class=\"x11i5rnm xat24cr x1mh8g0r x1vvkbs xtlvy1s x126k92a\" style=\"text-align: center;\">\n<div dir=\"auto\">Un evento lleno de orgullo, recuerdos y momentos inolvidables para celebrar el legado de nuestro pueblo.<\/div>\n<\/div>\n<div class=\"x11i5rnm xat24cr x1mh8g0r x1vvkbs xtlvy1s x126k92a\" style=\"text-align: center;\">\n<div dir=\"auto\"><span class=\"html-span xexx8yu x4uap5 x18d9i69 xkhd6sd x1hl2dhg x16tdsg8 x1vvkbs x3nfvp2 x1j61x8r x1fcty0u xdj266r xat24cr xgzva0m xhhsvwb xxymvpz xlup9mm x1kky2od\"><img loading=\"lazy\" decoding=\"async\" class=\"xz74otr\" src=\"https:\/\/static.xx.fbcdn.net\/images\/emoji.php\/v9\/t5c\/1\/16\/1f5d3.png\" alt=\"\ud83d\uddd3\ufe0f\" width=\"16\" height=\"16\" \/><\/span>Fecha: 29 de mayo de 2024<\/div>\n<div dir=\"auto\"><span class=\"html-span xexx8yu x4uap5 x18d9i69 xkhd6sd x1hl2dhg x16tdsg8 x1vvkbs x3nfvp2 x1j61x8r x1fcty0u xdj266r xat24cr xgzva0m xhhsvwb xxymvpz xlup9mm x1kky2od\"><img loading=\"lazy\" decoding=\"async\" class=\"xz74otr\" src=\"https:\/\/static.xx.fbcdn.net\/images\/emoji.php\/v9\/t34\/1\/16\/23f0.png\" alt=\"\u23f0\" width=\"16\" height=\"16\" \/><\/span>Hora: 16:30 pm<\/div>\n<div dir=\"auto\"><span class=\"html-span xexx8yu x4uap5 x18d9i69 xkhd6sd x1hl2dhg x16tdsg8 x1vvkbs x3nfvp2 x1j61x8r x1fcty0u xdj266r xat24cr xgzva0m xhhsvwb xxymvpz xlup9mm x1kky2od\"><img loading=\"lazy\" decoding=\"async\" class=\"xz74otr\" src=\"https:\/\/static.xx.fbcdn.net\/images\/emoji.php\/v9\/t2d\/1\/16\/1f4cd.png\" alt=\"\ud83d\udccd\" width=\"16\" height=\"16\" \/><\/span>Lugar: Coliseo Central de la Parroquia de Guaytacama<\/div>\n<div dir=\"auto\"><\/div>\n<div dir=\"auto\">\u00a1Viva Guaytacama!<\/div>\n<\/div>\n<div class=\"x11i5rnm xat24cr x1mh8g0r x1vvkbs xtlvy1s x126k92a\">\n<div dir=\"auto\"><\/div>\n<p><img loading=\"lazy\" decoding=\"async\" class=\"size-medium wp-image-6125 aligncenter\" src=\"https:\/\/guaytacama.gob.ec\/cotopaxi\/wp-content\/uploads\/2024\/06\/444457281_7546371832094903_87067557725910008_n-550x550.jpg\" alt=\"\" width=\"550\" height=\"550\" srcset=\"https:\/\/guaytacama.gob.ec\/cotopaxi\/wp-content\/uploads\/2024\/06\/444457281_7546371832094903_87067557725910008_n-550x550.jpg 550w, https:\/\/guaytacama.gob.ec\/cotopaxi\/wp-content\/uploads\/2024\/06\/444457281_7546371832094903_87067557725910008_n-1024x1024.jpg 1024w, https:\/\/guaytacama.gob.ec\/cotopaxi\/wp-content\/uploads\/2024\/06\/444457281_7546371832094903_87067557725910008_n-150x150.jpg 150w, https:\/\/guaytacama.gob.ec\/cotopaxi\/wp-content\/uploads\/2024\/06\/444457281_7546371832094903_87067557725910008_n-768x768.jpg 768w, https:\/\/guaytacama.gob.ec\/cotopaxi\/wp-content\/uploads\/2024\/06\/444457281_7546371832094903_87067557725910008_n-1536x1536.jpg 1536w, https:\/\/guaytacama.gob.ec\/cotopaxi\/wp-content\/uploads\/2024\/06\/444457281_7546371832094903_87067557725910008_n.jpg 1800w\" sizes=\"auto, (max-width: 550px) 100vw, 550px\" \/><\/div>\n","protected":false},"excerpt":{"rendered":"<p>Unidos por la historia y la tradici\u00f3n, el GAD Parroquial de Guaytacama encabezado por el presidente Abg. Faustino Travez Vargas , hace la cordial invitaci\u00f3n a la Rendici\u00f3n de Cuentas a\u00f1o Fiscal 2023 y Sesi\u00f3n Solemne Conmemorativa por los 163 a\u00f1os de parroquializaci\u00f3n de nuestra querida Guaytacama. Un evento lleno de orgullo, recuerdos y momentos [&hellip;]<\/p>\n","protected":false},"author":2,"featured_media":6125,"comment_status":"closed","ping_status":"closed","sticky":false,"template":"","format":"standard","meta":{"site-sidebar-layout":"default","site-content-layout":"","ast-site-content-layout":"default","site-content-style":"default","site-sidebar-style":"default","ast-global-header-display":"","ast-banner-title-visibility":"","ast-main-header-display":"","ast-hfb-above-header-display":"","ast-hfb-below-header-display":"","ast-hfb-mobile-header-display":"","site-post-title":"","ast-breadcrumbs-content":"","ast-featured-img":"","footer-sml-layout":"","ast-disable-related-posts":"","theme-transparent-header-meta":"","adv-header-id-meta":"","stick-header-meta":"","header-above-stick-meta":"","header-main-stick-meta":"","header-below-stick-meta":"","astra-migrate-meta-layouts":"default","ast-page-background-enabled":"default","ast-page-background-meta":{"desktop":{"background-color":"var(--ast-global-color-4)","background-image":"","background-repeat":"repeat","background-position":"center center","background-size":"auto","background-attachment":"scroll","background-type":"","background-media":"","overlay-type":"","overlay-color":"","overlay-opacity":"","overlay-gradient":""},"tablet":{"background-color":"","background-image":"","background-repeat":"repeat","background-position":"center center","background-size":"auto","background-attachment":"scroll","background-type":"","background-media":"","overlay-type":"","overlay-color":"","overlay-opacity":"","overlay-gradient":""},"mobile":{"background-color":"","background-image":"","background-repeat":"repeat","background-position":"center center","background-size":"auto","background-attachment":"scroll","background-type":"","background-media":"","overlay-type":"","overlay-color":"","overlay-opacity":"","overlay-gradient":""}},"ast-content-background-meta":{"desktop":{"background-color":"var(--ast-global-color-5)","background-image":"","background-repeat":"repeat","background-position":"center center","background-size":"auto","background-attachment":"scroll","background-type":"","background-media":"","overlay-type":"","overlay-color":"","overlay-opacity":"","overlay-gradient":""},"tablet":{"background-color":"var(--ast-global-color-5)","background-image":"","background-repeat":"repeat","background-position":"center center","background-size":"auto","background-attachment":"scroll","background-type":"","background-media":"","overlay-type":"","overlay-color":"","overlay-opacity":"","overlay-gradient":""},"mobile":{"background-color":"var(--ast-global-color-5)","background-image":"","background-repeat":"repeat","background-position":"center center","background-size":"auto","background-attachment":"scroll","background-type":"","background-media":"","overlay-type":"","overlay-color":"","overlay-opacity":"","overlay-gradient":""}},"footnotes":""},"categories":[6],"tags":[],"class_list":["post-6124","post","type-post","status-publish","format-standard","has-post-thumbnail","hentry","category-s7-noticias"],"_links":{"self":[{"href":"https:\/\/guaytacama.gob.ec\/cotopaxi\/index.php?rest_route=\/wp\/v2\/posts\/6124","targetHints":{"allow":["GET"]}}],"collection":[{"href":"https:\/\/guaytacama.gob.ec\/cotopaxi\/index.php?rest_route=\/wp\/v2\/posts"}],"about":[{"href":"https:\/\/guaytacama.gob.ec\/cotopaxi\/index.php?rest_route=\/wp\/v2\/types\/post"}],"author":[{"embeddable":true,"href":"https:\/\/guaytacama.gob.ec\/cotopaxi\/index.php?rest_route=\/wp\/v2\/users\/2"}],"replies":[{"embeddable":true,"href":"https:\/\/guaytacama.gob.ec\/cotopaxi\/index.php?rest_route=%2Fwp%2Fv2%2Fcomments&post=6124"}],"version-history":[{"count":1,"href":"https:\/\/guaytacama.gob.ec\/cotopaxi\/index.php?rest_route=\/wp\/v2\/posts\/6124\/revisions"}],"predecessor-version":[{"id":6126,"href":"https:\/\/guaytacama.gob.ec\/cotopaxi\/index.php?rest_route=\/wp\/v2\/posts\/6124\/revisions\/6126"}],"wp:featuredmedia":[{"embeddable":true,"href":"https:\/\/guaytacama.gob.ec\/cotopaxi\/index.php?rest_route=\/wp\/v2\/media\/6125"}],"wp:attachment":[{"href":"https:\/\/guaytacama.gob.ec\/cotopaxi\/index.php?rest_route=%2Fwp%2Fv2%2Fmedia&parent=6124"}],"wp:term":[{"taxonomy":"category","embeddable":true,"href":"https:\/\/guaytacama.gob.ec\/cotopaxi\/index.php?rest_route=%2Fwp%2Fv2%2Fcategories&post=6124"},{"taxonomy":"post_tag","embeddable":true,"href":"https:\/\/guaytacama.gob.ec\/cotopaxi\/index.php?rest_route=%2Fwp%2Fv2%2Ftags&post=6124"}],"curies":[{"name":"wp","href":"https:\/\/api.w.org\/{rel}","templated":true}]}}